[{"@context":"https:\/\/schema.org\/","@type":"Article","@id":"https:\/\/www.bestis.cz\/zavedli-jsme-sluzbu-vyzvednuti-a-pristaveni-vozidla\/#Article","mainEntityOfPage":"https:\/\/www.bestis.cz\/zavedli-jsme-sluzbu-vyzvednuti-a-pristaveni-vozidla\/","headline":"Zavedli jsme slu\u017ebu vyzvednut\u00ed a p\u0159istaven\u00ed vozidla","name":"Zavedli jsme slu\u017ebu vyzvednut\u00ed a p\u0159istaven\u00ed vozidla","description":"N\u00e1\u0161 Audi servis usiluje o poskytov\u00e1n\u00ed prvot\u0159\u00eddn\u00edch slu\u017eeb. R\u00e1di je poskytneme v\u0161em z\u00e1jemc\u016fm, kte\u0159\u00ed jsou vlastn\u00edky v\u0161ech typ\u016f osobn\u00edch vozidel nebo lehk\u00fdch n\u00e1kladn\u00edch. Star\u00e1me se o to, aby n\u00e1\u0161 person\u00e1l byl dokonale pro\u0161kolen, aby dok\u00e1zal kdykoliv prov\u00e9st pot\u0159ebn\u00e9 opravy. M\u00e1me v\u017edycky na<p class=\"link-more\"><a class=\"myButt three\" href=\"https:\/\/www.bestis.cz\/zavedli-jsme-sluzbu-vyzvednuti-a-pristaveni-vozidla\/\">Read More<\/a><\/p>","datePublished":"2024-11-21","dateModified":"2024-11-21","author":{"@type":"Person","@id":"https:\/\/www.bestis.cz\/author\/#Person","name":"","url":"https:\/\/www.bestis.cz\/author\/","identifier":1,"image":{"@type":"ImageObject","@id":"https:\/\/secure.gravatar.com\/avatar\/f5ad5dcd5c02ecc0fdaf1fe4b2e9a39ad5c5cc2b614885090f6f77b1ccabb3a9?s=96&d=mm&r=g","url":"https:\/\/secure.gravatar.com\/avatar\/f5ad5dcd5c02ecc0fdaf1fe4b2e9a39ad5c5cc2b614885090f6f77b1ccabb3a9?s=96&d=mm&r=g","height":96,"width":96}},"publisher":{"@type":"Organization","name":"bestis.cz","logo":{"@type":"ImageObject","@id":"\/logo.png","url":"\/logo.png","width":600,"height":60}},"url":"https:\/\/www.bestis.cz\/zavedli-jsme-sluzbu-vyzvednuti-a-pristaveni-vozidla\/","wordCount":175,"articleBody":"N\u00e1\u0161 Audi servis usiluje o poskytov\u00e1n\u00ed prvot\u0159\u00eddn\u00edch slu\u017eeb. R\u00e1di je poskytneme v\u0161em z\u00e1jemc\u016fm, kte\u0159\u00ed jsou vlastn\u00edky v\u0161ech typ\u016f osobn\u00edch vozidel nebo lehk\u00fdch n\u00e1kladn\u00edch. Star\u00e1me se o to, aby n\u00e1\u0161 person\u00e1l byl dokonale pro\u0161kolen, aby dok\u00e1zal kdykoliv prov\u00e9st pot\u0159ebn\u00e9 opravy. M\u00e1me v\u017edycky na sklad\u011b dostatek n\u00e1hradn\u00edch d\u00edl\u016f a nechyb\u00ed n\u00e1m ani modern\u00ed technick\u00e9 vybaven\u00ed.Nab\u00edz\u00edme k prodeji n\u00e1hradn\u00ed d\u00edlyN\u00e1\u0161 Audi servis je v\u00e1m k dispozici, kdykoliv to bude zapot\u0159eb\u00ed. Prov\u00e1d\u00edme v\u0161echny pot\u0159ebn\u00e9 pr\u00e1ce, nap\u0159\u00edklad klemp\u00ed\u0159sk\u00e9 a lak\u00fdrnick\u00e9. Namontujeme v\u00e1m klimatizaci, vym\u011bn\u00edme \u010deln\u00ed skla. Zab\u00fdv\u00e1me se i lepen\u00edm autofoli\u00ed na skla. Na ve\u0161kerou \u010dinnost m\u00e1me skv\u011ble pro\u0161kolen\u00fd person\u00e1l. Nemus\u00edte se ob\u00e1vat, \u017ee bychom n\u011bco nezvl\u00e1dli. Pokud budete m\u00edt o n\u00e1s z\u00e1jem, ozv\u011bte se n\u00e1m.                                                                                                                                                                                                                                                                                                                                                                                        4.5\/5 - (2 votes)        "},{"@context":"https:\/\/schema.org\/","@type":"BreadcrumbList","itemListElement":[{"@type":"ListItem","position":1,"name":"Zavedli jsme slu\u017ebu vyzvednut\u00ed a p\u0159istaven\u00ed vozidla","item":"https:\/\/www.bestis.cz\/zavedli-jsme-sluzbu-vyzvednuti-a-pristaveni-vozidla\/#breadcrumbitem"}]}]