[{"@context":"https:\/\/schema.org\/","@type":"Article","@id":"https:\/\/www.bestis.cz\/zadne-bolesti-zad\/#Article","mainEntityOfPage":"https:\/\/www.bestis.cz\/zadne-bolesti-zad\/","headline":"\u017d\u00e1dn\u00e9 bolesti zad","name":"\u017d\u00e1dn\u00e9 bolesti zad","description":"Zabrousili jste na str\u00e1nky \u201ekancel\u00e1\u0159sk\u00e9 \u017eidle, mana\u017eersk\u00e1 k\u0159esla a \u017eidle k po\u010d\u00edta\u010di\u201c? Je to zaj\u00edmav\u00e9 \u010dten\u00ed, vi\u010fte. \u010clov\u011bk by ne\u010dekal takovou mega nab\u00eddku ve v\u0161emo\u017en\u00fdch variac\u00edch, barv\u00e1ch a konstrukc\u00edch. Ale proto\u017ee ji te\u010f sh\u00e1n\u00edte i vy, zab\u0159edli jste do t\u00e9 z\u00e1plavy \u017eidl\u00ed<p class=\"link-more\"><a class=\"myButt three\" href=\"https:\/\/www.bestis.cz\/zadne-bolesti-zad\/\">Read More<\/a><\/p>","datePublished":"2025-01-24","dateModified":"2025-01-24","author":{"@type":"Person","@id":"https:\/\/www.bestis.cz\/author\/#Person","name":"","url":"https:\/\/www.bestis.cz\/author\/","identifier":1,"image":{"@type":"ImageObject","@id":"https:\/\/secure.gravatar.com\/avatar\/f5ad5dcd5c02ecc0fdaf1fe4b2e9a39ad5c5cc2b614885090f6f77b1ccabb3a9?s=96&d=mm&r=g","url":"https:\/\/secure.gravatar.com\/avatar\/f5ad5dcd5c02ecc0fdaf1fe4b2e9a39ad5c5cc2b614885090f6f77b1ccabb3a9?s=96&d=mm&r=g","height":96,"width":96}},"publisher":{"@type":"Organization","name":"bestis.cz","logo":{"@type":"ImageObject","@id":"\/logo.png","url":"\/logo.png","width":600,"height":60}},"url":"https:\/\/www.bestis.cz\/zadne-bolesti-zad\/","wordCount":187,"articleBody":"Zabrousili jste na str\u00e1nky \u201ekancel\u00e1\u0159sk\u00e9 \u017eidle, mana\u017eersk\u00e1 k\u0159esla a \u017eidle k po\u010d\u00edta\u010di\u201c?Je to zaj\u00edmav\u00e9 \u010dten\u00ed, vi\u010fte. \u010clov\u011bk by ne\u010dekal takovou mega nab\u00eddku ve v\u0161emo\u017en\u00fdch variac\u00edch, barv\u00e1ch a konstrukc\u00edch.Ale proto\u017ee ji te\u010f sh\u00e1n\u00edte i vy, zab\u0159edli jste do t\u00e9 z\u00e1plavy \u017eidl\u00ed a nev\u00edte v\u016fbec, kterou. Nejlep\u0161\u00ed bude, zastav\u00edte-li se v obchod\u011b za odborn\u00edky na slovo vzat\u00fdmi a po\u017e\u00e1d\u00e1te o p\u0159edstaven\u00ed \u017eidle k po\u010d\u00edta\u010di.Budi\u017e v\u00e1m pomo\u017eenoPokud informace budou dosta\u010duj\u00edc\u00ed a v\u00e1m se zal\u00edb\u00ed n\u011bkter\u00e1 z nab\u00edzen\u00fdch \u017eidl\u00ed, m\u00e1te vyhr\u00e1no. Kdy\u017e je\u0161t\u011b nebudete u c\u00edle v\u0161ech mo\u017enost\u00ed po\u0159\u00eddit tu spr\u00e1vnou, obra\u0165te se na internetov\u00fd obchod, rady kupuj\u00edc\u00edch, recenze obchod\u016f. Nezapome\u0148te na v\u0161echny z\u00e1kladn\u00ed atributy, kter\u00e9 by m\u011bla \u017eidle k po\u010d\u00edta\u010di spl\u0148ovat &#8211; ergonomick\u00e9 p\u0159edpoklady, materi\u00e1l, nastavitelnost a mechanika, barva a konec konc\u016f i cena.                                                                                                                                                                                                                                                                                                                                                                                        3\/5 - (1 vote)        "},{"@context":"https:\/\/schema.org\/","@type":"BreadcrumbList","itemListElement":[{"@type":"ListItem","position":1,"name":"\u017d\u00e1dn\u00e9 bolesti zad","item":"https:\/\/www.bestis.cz\/zadne-bolesti-zad\/#breadcrumbitem"}]}]