[{"@context":"https:\/\/schema.org\/","@type":"Article","@id":"https:\/\/www.bestis.cz\/uz-jste-letos-byli-nekde-na-dovolene\/#Article","mainEntityOfPage":"https:\/\/www.bestis.cz\/uz-jste-letos-byli-nekde-na-dovolene\/","headline":"U\u017e jste letos byli n\u011bkde na dovolen\u00e9?","name":"U\u017e jste letos byli n\u011bkde na dovolen\u00e9?","description":"U\u017e jste letos byli n\u011bkde na dovolen\u00e9? Tohle n\u00e1dhern\u00e9 slune\u010dn\u00e9 po\u010das\u00ed k tomu jenom vyb\u00edz\u00ed. A kdy\u017e \u0159\u00edk\u00e1m dovolen\u00e1, tak nem\u00e1m na mysli jenom dovolenou v zahrani\u010d\u00ed. Klidn\u011b to m\u016f\u017ee b\u00fdt n\u011bjak\u00e9 m\u00edsto, kter\u00e9 se v\u00e1m l\u00edb\u00ed a r\u00e1di tam tr\u00e1v\u00edte sv\u016fj<p class=\"link-more\"><a class=\"myButt three\" href=\"https:\/\/www.bestis.cz\/uz-jste-letos-byli-nekde-na-dovolene\/\">Read More<\/a><\/p>","datePublished":"2023-10-30","dateModified":"2023-10-30","author":{"@type":"Person","@id":"https:\/\/www.bestis.cz\/author\/#Person","name":"","url":"https:\/\/www.bestis.cz\/author\/","identifier":1,"image":{"@type":"ImageObject","@id":"https:\/\/secure.gravatar.com\/avatar\/f5ad5dcd5c02ecc0fdaf1fe4b2e9a39ad5c5cc2b614885090f6f77b1ccabb3a9?s=96&d=mm&r=g","url":"https:\/\/secure.gravatar.com\/avatar\/f5ad5dcd5c02ecc0fdaf1fe4b2e9a39ad5c5cc2b614885090f6f77b1ccabb3a9?s=96&d=mm&r=g","height":96,"width":96}},"publisher":{"@type":"Organization","name":"bestis.cz","logo":{"@type":"ImageObject","@id":"\/logo.png","url":"\/logo.png","width":600,"height":60}},"image":{"@type":"ImageObject","@id":"https:\/\/www.bestis.cz\/wp-content\/uploads\/pexels-thorsten-technoman-109353-338504.jpg","url":"https:\/\/www.bestis.cz\/wp-content\/uploads\/pexels-thorsten-technoman-109353-338504.jpg","height":0,"width":0},"url":"https:\/\/www.bestis.cz\/uz-jste-letos-byli-nekde-na-dovolene\/","about":["Dovolen\u00e1"],"wordCount":437,"articleBody":"U\u017e jste letos byli n\u011bkde na dovolen\u00e9? Tohle n\u00e1dhern\u00e9 slune\u010dn\u00e9 po\u010das\u00ed k tomu jenom vyb\u00edz\u00ed. A kdy\u017e \u0159\u00edk\u00e1m dovolen\u00e1, tak nem\u00e1m na mysli jenom dovolenou v zahrani\u010d\u00ed. Klidn\u011b to m\u016f\u017ee b\u00fdt n\u011bjak\u00e9 m\u00edsto, kter\u00e9 se v\u00e1m l\u00edb\u00ed a r\u00e1di tam tr\u00e1v\u00edte sv\u016fj \u010das. Ostatn\u011b dovolen\u00e1 m\u016f\u017ee b\u00fdt t\u0159eba i t\u00fdden na hor\u00e1ch anebo v n\u011bjak\u00e9m wellnessu. Ka\u017ed\u00fd si to p\u0159edstavuje n\u011bjak jinam. J\u00e1 v\u00e1m pop\u00ed\u0161u, jakou dovolenou bych si p\u0159edstavovala j\u00e1. Kdybych si m\u011bla j\u00e1 vybrat svou vysn\u011bnou dovolenou, tak by to bylo bu\u010f u mo\u0159e, anebo by to bylo n\u011bkde v odpo\u010dinkov\u00e9m resortu, t\u0159eba ve wellness a v\u00ed\u0159ivce.Takov\u00fd pocit, kdy\u017e bych si tam mohla zaj\u00edt, kdykoliv bych cht\u011bla a norm\u00e1ln\u011b bych jenom relaxovala a nic jin\u00e9ho bych ned\u011blala. Tak to p\u0159esn\u011b by se mi l\u00edbilo. A kdyby na to byly pen\u00edzky, tak klidn\u011b n\u011bjakou dovolenou t\u0159eba i u mo\u0159e. Naopak kdyby m\u011b n\u011bkdo tla\u010dil t\u0159eba na dovolenou do hor, tak na to bych ur\u010dit\u011b nep\u0159ik\u00fdvla, proto\u017ee hory, a i zimu nesn\u00e1\u0161\u00edm.\u00a0A kam byste cht\u011bli jet na dovolenou vy? D\u016fle\u017eit\u00e9 je, abyste n\u011bkam jeli. Ka\u017ed\u00fd \u010dlov\u011bk si toti\u017e pot\u0159ebuje n\u011bkam vyrazit, na\u010derpat sil a odpo\u010dinku. J\u00e1 jsem si d\u0159\u00edve taky nedop\u0159\u00e1vala \u017e\u00e1dn\u00fd odpo\u010dinek a po\u0159\u00e1d jsem jenom pracovala anebo n\u011bco d\u011blala a pak to skon\u010dilo t\u00edm, \u017ee jsem byla vyho\u0159el\u00e1 a nec\u00edtila jsem se dob\u0159e. Tak\u017ee jsem si \u0159ekla, \u017ee si prost\u011b ud\u011bl\u00e1m odpo\u010dinkov\u00fd t\u00fdden a zajela jsem si na mas\u00e1\u017ee a do wellnessu. A v\u00edte, jak mi to prosp\u011blo? Zpo\u010d\u00e1tku jsem ani nev\u011b\u0159ila tomu, \u017ee mi to vlije novou energii do \u017eil, ale kdy\u017e jsem vid\u011bla, co to se mnou ud\u011blalo a jak se c\u00edt\u00edm pln\u00e1 energie, tak jsem musela uznat, \u017ee na tom n\u011bco je a opravdu bych takhle m\u011bla odpo\u010d\u00edvat \u010dast\u011bji, proto\u017ee mi to jenom prosp\u00edv\u00e1. N\u011bkdy nen\u00ed na \u0161kodu n\u011bkam si vyrazit a ud\u011blat taky s\u00e1m sob\u011b radost, proto\u017ee potom to prosp\u011bje nejenom v\u00e1m, ale i va\u0161\u00ed du\u0161i. Budete se hned c\u00edtit o mnoho l\u00e9pe, to mi m\u016f\u017eete v\u011b\u0159it&#8230;.                                                                                                                                                                                                                                                                                                                                                                                        4.1\/5 - (7 votes)        "},{"@context":"https:\/\/schema.org\/","@type":"BreadcrumbList","itemListElement":[{"@type":"ListItem","position":1,"name":"U\u017e jste letos byli n\u011bkde na dovolen\u00e9?","item":"https:\/\/www.bestis.cz\/uz-jste-letos-byli-nekde-na-dovolene\/#breadcrumbitem"}]}]