[{"@context":"https:\/\/schema.org\/","@type":"Article","@id":"https:\/\/www.bestis.cz\/laska-nesmi-byt-falesna\/#Article","mainEntityOfPage":"https:\/\/www.bestis.cz\/laska-nesmi-byt-falesna\/","headline":"L\u00e1ska nesm\u00ed b\u00fdt fale\u0161n\u00e1","name":"L\u00e1ska nesm\u00ed b\u00fdt fale\u0161n\u00e1","description":"L\u00e1ska je stra\u0161n\u011b kr\u00e1sn\u00e1 v\u011bc a l\u00e1sku m\u016f\u017eeme slavit ka\u017ed\u00fd den. Proto\u017ee my mus\u00edme rozd\u00e1vat l\u00e1sku ka\u017ed\u00fd den \u00fapln\u011b ka\u017ed\u00e9mu \u010dlov\u011bku, kter\u00e9ho potk\u00e1me. A \u0159\u00edk\u00e1 se, \u017ee l\u00e1sku mus\u00edme d\u00e1t i t\u011bm, koho nem\u00e1me r\u00e1di, proto\u017ee kdy\u017e toho \u010dlov\u011bka t\u0159eba nem\u00e1me tolik<p class=\"link-more\"><a class=\"myButt three\" href=\"https:\/\/www.bestis.cz\/laska-nesmi-byt-falesna\/\">Read More<\/a><\/p>","datePublished":"2023-08-28","dateModified":"2023-08-28","author":{"@type":"Person","@id":"https:\/\/www.bestis.cz\/author\/#Person","name":"","url":"https:\/\/www.bestis.cz\/author\/","identifier":1,"image":{"@type":"ImageObject","@id":"https:\/\/secure.gravatar.com\/avatar\/f5ad5dcd5c02ecc0fdaf1fe4b2e9a39ad5c5cc2b614885090f6f77b1ccabb3a9?s=96&d=mm&r=g","url":"https:\/\/secure.gravatar.com\/avatar\/f5ad5dcd5c02ecc0fdaf1fe4b2e9a39ad5c5cc2b614885090f6f77b1ccabb3a9?s=96&d=mm&r=g","height":96,"width":96}},"publisher":{"@type":"Organization","name":"bestis.cz","logo":{"@type":"ImageObject","@id":"\/logo.png","url":"\/logo.png","width":600,"height":60}},"image":{"@type":"ImageObject","@id":"https:\/\/www.bestis.cz\/wp-content\/uploads\/daughter-453136_640_2.jpg","url":"https:\/\/www.bestis.cz\/wp-content\/uploads\/daughter-453136_640_2.jpg","height":0,"width":0},"url":"https:\/\/www.bestis.cz\/laska-nesmi-byt-falesna\/","about":["L\u00e1ska"],"wordCount":459,"articleBody":"L\u00e1ska je stra\u0161n\u011b kr\u00e1sn\u00e1 v\u011bc a l\u00e1sku m\u016f\u017eeme slavit ka\u017ed\u00fd den. Proto\u017ee my mus\u00edme rozd\u00e1vat l\u00e1sku ka\u017ed\u00fd den \u00fapln\u011b ka\u017ed\u00e9mu \u010dlov\u011bku, kter\u00e9ho potk\u00e1me. A \u0159\u00edk\u00e1 se, \u017ee l\u00e1sku mus\u00edme d\u00e1t i t\u011bm, koho nem\u00e1me r\u00e1di, proto\u017ee kdy\u017e toho \u010dlov\u011bka t\u0159eba nem\u00e1me tolik r\u00e1di nebo v oblib\u011b, nebo on nem\u00e1 v oblib\u011b n\u00e1s, tak prost\u011b v\u017edycky je dobr\u00e9 opravdu tu l\u00e1sku d\u00e1vat v\u0161em. Je to prost\u011b pot\u0159eba, proto\u017ee my se budeme c\u00edtit vnit\u0159n\u011b v du\u0161i mnohem l\u00edp, ne\u017e kdybychom opravdu byli protivn\u00fd, z\u00e1ke\u0159n\u00ed jako ten druh\u00fd \u010dlov\u011bk. Ur\u010dit\u011b mi rozum\u00edte, jak to mysl\u00edm, a ch\u00e1pu, \u017ee ka\u017ed\u00fd den nen\u00ed posv\u00edcen\u00ed.\u00a0\u00a0Ka\u017ed\u00fd den \u0159e\u0161\u00edme n\u011bjak\u00e9 probl\u00e9my, m\u00e1me n\u011bjak\u00e9 stresy, t\u0159eba v pr\u00e1ci nebo kdekoliv jinde, m\u00e1me n\u011bjak\u00e9 vy\u0159izov\u00e1n\u00ed a n\u00e1s to vy\u010derp\u00e1v\u00e1, ale prost\u011b je pot\u0159eba v\u017edycky, kdy\u017e potk\u00e1me n\u011bjak\u00e9ho \u010dlov\u011bka, abychom se prost\u011b usm\u00edvali na n\u011bho a celkov\u011b i na ten sv\u011bt, proto\u017ee pro n\u00e1s je to mnohem lep\u0161\u00ed a budeme se c\u00edtit vnit\u0159n\u011b mnohem l\u00edp. L\u00e1sku, mus\u00edme c\u00edtit, proto\u017ee l\u00e1ska je opravdu uvnit\u0159 \u010dlov\u011bka a my mus\u00edme d\u011blat v\u0161echno pro to, abychom dali opravdu l\u00e1sku v\u0161em lidem.\u00a0\u00a0Jak u\u017e jsem \u0159\u00edkala na za\u010d\u00e1tku, proto\u017ee prost\u011b pro n\u00e1s je to lep\u0161\u00ed a budeme vypadat mnohem l\u00edp ne\u017e ti ostatn\u00ed, kte\u0159\u00ed jsou opravdu protivn\u00ed. Proto\u017ee opravdu zn\u00e1te, jak\u00e9 to je, kdy\u017e \u010dlov\u011bk se na v\u00e1s hned pod\u00edv\u00e1 od pohledu a je na v\u00e1s protivn\u00fd, ani\u017e byste mu n\u011bco ud\u011blali, prost\u011b je to takov\u00e9 nep\u0159ijateln\u00e9 a \u010dlov\u011bk by opravdu takov\u00fd b\u00fdt nem\u011bl. M\u011bli bysme opravdu b\u00fdt takov\u00ed vst\u0159\u00edcn\u00ed prost\u011b a sna\u017eit se b\u00fdt druh\u00e9mu \u010dlov\u011bku vst\u0159\u00edc a rozhodn\u011b l\u00edp se chovat ne\u017e ten druh\u00fd k n\u00e1m, proto\u017ee kdy\u017e to ud\u011bl\u00e1te, uvid\u00edte obrovskou zm\u011bnu na sob\u011b, a to je prost\u011b ta l\u00e1ska, kter\u00e1 mus\u00ed b\u00fdt ta skute\u010dn\u00e1. Kdo pozn\u00e1 skute\u010dnou l\u00e1sku, a ne fale\u0161. Tak to je opravdu velk\u00fd v\u00edt\u011bz. A takov\u00fd \u010dlov\u011bk by m\u011bl b\u00fdt. Kdy\u017e \u010dlov\u011bk bude hr\u00e1t na fale\u0161, tak t\u00edm v \u017eivot\u011b nic nez\u00edsk\u00e1te. Proto bu\u010fme k sob\u011b vz\u00e1jemn\u011b up\u0159\u00edmn\u00ed.\u00a0                                                                                                                                                                                                                                                                                                                                                                                        4.9\/5 - (7 votes)        "},{"@context":"https:\/\/schema.org\/","@type":"BreadcrumbList","itemListElement":[{"@type":"ListItem","position":1,"name":"L\u00e1ska nesm\u00ed b\u00fdt fale\u0161n\u00e1","item":"https:\/\/www.bestis.cz\/laska-nesmi-byt-falesna\/#breadcrumbitem"}]}]