[{"@context":"https:\/\/schema.org\/","@type":"Article","@id":"https:\/\/www.bestis.cz\/designove-zabradli\/#Article","mainEntityOfPage":"https:\/\/www.bestis.cz\/designove-zabradli\/","headline":"Designov\u00e9 z\u00e1bradl\u00ed","name":"Designov\u00e9 z\u00e1bradl\u00ed","description":"M\u00edt kr\u00e1sn\u00e9 bydlen\u00ed je ur\u010dit\u011b snem ka\u017ed\u00e9ho \u010dlov\u011bka. J\u00e1 jako mal\u00e1 snila o tom, \u017ee jednoho dne budu m\u00edt kr\u00e1sn\u00fd d\u016fm s velkou zahradou. Mus\u00edm \u0159\u00edct, \u017ee p\u0159\u00e1n\u00ed se mi vyplnilo jen z p\u016flky. Domek m\u00e1m, ale zahrada je tak malink\u00e1, \u017ee<p class=\"link-more\"><a class=\"myButt three\" href=\"https:\/\/www.bestis.cz\/designove-zabradli\/\">Read More<\/a><\/p>","datePublished":"2022-02-11","dateModified":"2022-02-11","author":{"@type":"Person","@id":"https:\/\/www.bestis.cz\/author\/#Person","name":"","url":"https:\/\/www.bestis.cz\/author\/","identifier":1,"image":{"@type":"ImageObject","@id":"https:\/\/secure.gravatar.com\/avatar\/f5ad5dcd5c02ecc0fdaf1fe4b2e9a39ad5c5cc2b614885090f6f77b1ccabb3a9?s=96&d=mm&r=g","url":"https:\/\/secure.gravatar.com\/avatar\/f5ad5dcd5c02ecc0fdaf1fe4b2e9a39ad5c5cc2b614885090f6f77b1ccabb3a9?s=96&d=mm&r=g","height":96,"width":96}},"publisher":{"@type":"Organization","name":"bestis.cz","logo":{"@type":"ImageObject","@id":"\/logo.png","url":"\/logo.png","width":600,"height":60}},"image":{"@type":"ImageObject","@id":"https:\/\/www.bestis.cz\/wp-content\/uploads\/terasa%20za%C5%99%C3%ADzen%C3%A1.jpg","url":"https:\/\/www.bestis.cz\/wp-content\/uploads\/terasa%20za%C5%99%C3%ADzen%C3%A1.jpg","height":0,"width":0},"url":"https:\/\/www.bestis.cz\/designove-zabradli\/","about":["Zbo\u017e\u00ed"],"wordCount":473,"articleBody":"   M\u00edt kr\u00e1sn\u00e9 bydlen\u00ed je ur\u010dit\u011b snem ka\u017ed\u00e9ho \u010dlov\u011bka. J\u00e1 jako mal\u00e1 snila o tom, \u017ee jednoho dne budu m\u00edt kr\u00e1sn\u00fd d\u016fm s velkou zahradou. Mus\u00edm \u0159\u00edct, \u017ee p\u0159\u00e1n\u00ed se mi vyplnilo jen z p\u016flky. Domek m\u00e1m, ale zahrada je tak malink\u00e1, \u017ee se tam sotva vejde st\u016fl, \u017eidle a n\u011bjak\u00e9 to leh\u00e1tko na l\u00e9to a s p\u00edskovi\u0161t\u011bm pro syna. Ov\u0161em je\u0161t\u011b v\u00edce d\u016fle\u017eit\u011bj\u0161\u00ed pro m\u011b byl interi\u00e9r. P\u0159\u00e1la jsem si m\u00edt kr\u00e1sn\u00fd a \u010dist\u00fd minimalistick\u00fd design, kter\u00fd se bude hodit ke v\u0161emu.Proto jsem si svou kuchy\u0148 vybavila neutr\u00e1ln\u00ed b\u00e9\u017eovou kuchyn\u00ed s kr\u00e9mov\u00fdmi dopl\u0148ky. Moc se mi l\u00edb\u00ed toti\u017e sv\u011btl\u00e9 v\u011bci, kter\u00e9 v\u0161echny m\u00edstnosti dokonale projasn\u00ed a opticky i zv\u011bt\u0161\u00ed. Taky jsem si moc obl\u00edbila sv\u011btl\u00e9 koberce, kter\u00e9 m\u00e1m v ka\u017ed\u00e9 m\u00edstnosti. A co se t\u00fd\u010de kuchyn\u011b, tak tam m\u00e1m koberce dva. Jeden u kuchy\u0148ka linky, aby to budilo lep\u0161\u00ed dojem na ostatn\u00ed. L\u00edb\u00ed se se mi taky dopl\u0148ky, kter\u00e9 mohu kombinovat, jak se mi zachce. Moc se mi l\u00edb\u00ed nekvetouc\u00ed rostliny. A \u010d\u00edm v\u011bt\u0161\u00ed, tak t\u00edm lep\u0161\u00ed. Moje nejmilej\u0161\u00ed jsou palmy. Doma jich m\u00e1m sedm a stopka to rozhodn\u011b nen\u00ed. M\u00e1m doma kr\u00e1sn\u00e9 ban\u00e1ny, kter\u00e9 opravdu kr\u00e1sn\u011b rostou a p\u0159em\u00fd\u0161l\u00edm, \u017ee si po\u0159\u00edd\u00edm dal\u0161\u00ed. Co se ale t\u00fd\u010de druh\u00e9ho patra, tak jsem dobu p\u0159em\u00fd\u0161lela, co ud\u011bl\u00e1m se schodi\u0161t\u011bm. St\u00e1le jsem nem\u011bla \u017e\u00e1dn\u00fd pl\u00e1n ani p\u0159edstavu. Kv\u016fli d\u00edt\u011bti jsem tam musela m\u00edt z\u00e1bradl\u00ed, ale st\u00e1le jsem nev\u011bd\u011bla jak\u00e9. Tak jsem rad\u011bji za\u0161la do showroomu a pod\u00edvala se na typy interi\u00e9rov\u00e9ho z\u00e1bradl\u00ed. A mus\u00edm \u0159\u00edct, \u017ee m\u011b tot\u00e1ln\u011b nadchlo sklen\u011bn\u00e9 z\u00e1bradl\u00ed, kter\u00e9 m\u00e1 punc \u010distoty, a nav\u00edc nijak nenaru\u0161\u00ed m\u016fj ji\u017e ud\u011blan\u00e1 dekor interi\u00e9ru. Ke sklen\u011bn\u00e9mu z\u00e1bradl\u00ed mi byly doporu\u010deny st\u0159\u00edbrn\u00e9 chromov\u00e9 ty\u010dky a up\u00edn\u00e1ky, kter\u00e9 s t\u00edm dokonale lad\u00ed. Dole m\u00e1m sklo podep\u0159en\u00e9 masivem, tak\u017ee to v\u0161echno v celku vypad\u00e1 hodn\u011b luxusn\u011b. Mysl\u00edm, \u017ee l\u00e9pe jsem si vybrat nemohla. Akor\u00e1t teda m\u00e1m velkou spot\u0159ebu okeny, proto\u017ee syn sklen\u011bn\u00e9 z\u00e1bradl\u00ed st\u00e1le patl\u00e1. Ale to taky jednou skon\u010d\u00ed a j\u00e1 si pak budu u\u017e\u00edvat kr\u00e1sny interi\u00e9ru, na kter\u00fdm si d\u00e1v\u00e1m z\u00e1le\u017eet. Pokud v\u00e1s to zaj\u00edm\u00e1, pod\u00edvejte se sem na n\u00e1\u0161 web.                                                                                                                                                                                                                                                                                                                                                                                          3.5\/5 - (2 votes)        "},{"@context":"https:\/\/schema.org\/","@type":"BreadcrumbList","itemListElement":[{"@type":"ListItem","position":1,"name":"Designov\u00e9 z\u00e1bradl\u00ed","item":"https:\/\/www.bestis.cz\/designove-zabradli\/#breadcrumbitem"}]}]